{"id":6773,"date":"2019-03-10T18:56:11","date_gmt":"2019-03-10T17:56:11","guid":{"rendered":"http:\/\/ks-travel.fr\/?p=6773"},"modified":"2020-02-22T21:00:38","modified_gmt":"2020-02-22T20:00:38","slug":"joon-cdg-lis","status":"publish","type":"post","link":"https:\/\/ks-travel.fr\/index.php\/2019\/03\/10\/joon-cdg-lis\/","title":{"rendered":"JOON (CDG\/LIS)"},"content":{"rendered":"<p>Les jours de JOON sont compt\u00e9s. L&rsquo;occasion de d\u00e9couvrir les Airbus A320 et A321 qu&rsquo;utilise la compagnie hybride d&rsquo;Air France.<\/p>\n<p>Une note sp\u00e9ciale pour l&rsquo;application Air France. Qui n&rsquo;a jamais calcul\u00e9 l&rsquo;heure \u00e0 laquelle il faut se rendre \u00e0 l&rsquo;a\u00e9roport?. Ici c&rsquo;est assez simple. ON a l&rsquo;heure conseill\u00e9e d&rsquo;arriv\u00e9e et quand c&rsquo;est trop tard.<\/p>\n<p><img loading=\"lazy\" decoding=\"async\" class=\"alignnone size-medium wp-image-6772\" src=\"https:\/\/ks-travel.fr\/wp-content\/uploads\/2019\/03\/20190225_223039-300x274.jpg\" alt=\"\" width=\"300\" height=\"274\" srcset=\"https:\/\/ks-travel.fr\/wp-content\/uploads\/2019\/03\/20190225_223039-300x274.jpg 300w, https:\/\/ks-travel.fr\/wp-content\/uploads\/2019\/03\/20190225_223039-768x700.jpg 768w, https:\/\/ks-travel.fr\/wp-content\/uploads\/2019\/03\/20190225_223039-1024x934.jpg 1024w, https:\/\/ks-travel.fr\/wp-content\/uploads\/2019\/03\/20190225_223039.jpg 1080w\" sizes=\"auto, (max-width: 300px) 100vw, 300px\" \/><\/p>\n<p>Le vol est un aller-retour Paris CDG vers Lisbonne.<\/p>\n<p>Arriv\u00e9 en salle d&#8217;embarquement, ce n&rsquo;est pas Joon qui est indiqu\u00e9 mais Air France.<\/p>\n<p><img loading=\"lazy\" decoding=\"async\" class=\"alignnone size-medium wp-image-6758\" src=\"https:\/\/ks-travel.fr\/wp-content\/uploads\/2019\/03\/20190225_083703-e1551471478986-225x300.jpg\" alt=\"\" width=\"225\" height=\"300\" srcset=\"https:\/\/ks-travel.fr\/wp-content\/uploads\/2019\/03\/20190225_083703-e1551471478986-225x300.jpg 225w, https:\/\/ks-travel.fr\/wp-content\/uploads\/2019\/03\/20190225_083703-e1551471478986-768x1024.jpg 768w\" sizes=\"auto, (max-width: 225px) 100vw, 225px\" \/><\/p>\n<p>L&rsquo;aller se fera en A320<\/p>\n<p><img loading=\"lazy\" decoding=\"async\" class=\"alignnone size-medium wp-image-6759\" src=\"https:\/\/ks-travel.fr\/wp-content\/uploads\/2019\/03\/20190225_093443-e1551471497725-225x300.jpg\" alt=\"\" width=\"225\" height=\"300\" srcset=\"https:\/\/ks-travel.fr\/wp-content\/uploads\/2019\/03\/20190225_093443-e1551471497725-225x300.jpg 225w, https:\/\/ks-travel.fr\/wp-content\/uploads\/2019\/03\/20190225_093443-e1551471497725-768x1024.jpg 768w\" sizes=\"auto, (max-width: 225px) 100vw, 225px\" \/><\/p>\n<p>L&rsquo;espacement pour les jambes est correct<\/p>\n<p><img loading=\"lazy\" decoding=\"async\" class=\"alignnone size-medium wp-image-6760\" src=\"https:\/\/ks-travel.fr\/wp-content\/uploads\/2019\/03\/20190225_093453-300x225.jpg\" alt=\"\" width=\"300\" height=\"225\" srcset=\"https:\/\/ks-travel.fr\/wp-content\/uploads\/2019\/03\/20190225_093453-300x225.jpg 300w, https:\/\/ks-travel.fr\/wp-content\/uploads\/2019\/03\/20190225_093453-768x576.jpg 768w, https:\/\/ks-travel.fr\/wp-content\/uploads\/2019\/03\/20190225_093453-1024x768.jpg 1024w\" sizes=\"auto, (max-width: 300px) 100vw, 300px\" \/><\/p>\n<p>Les coffres \u00e0 bagages sont souvent pris d&rsquo;assaut depuis la mise en place des billets sans bagages.<\/p>\n<p><img loading=\"lazy\" decoding=\"async\" class=\"alignnone size-medium wp-image-6761\" src=\"https:\/\/ks-travel.fr\/wp-content\/uploads\/2019\/03\/20190225_093608-300x225.jpg\" alt=\"\" width=\"300\" height=\"225\" srcset=\"https:\/\/ks-travel.fr\/wp-content\/uploads\/2019\/03\/20190225_093608-300x225.jpg 300w, https:\/\/ks-travel.fr\/wp-content\/uploads\/2019\/03\/20190225_093608-768x576.jpg 768w, https:\/\/ks-travel.fr\/wp-content\/uploads\/2019\/03\/20190225_093608-1024x768.jpg 1024w\" sizes=\"auto, (max-width: 300px) 100vw, 300px\" \/><\/p>\n<p>Les si\u00e8ges en configuration 3-3 sont en cuir avec appui-t\u00eate violet.<\/p>\n<p><img loading=\"lazy\" decoding=\"async\" class=\"alignnone size-medium wp-image-6764\" src=\"https:\/\/ks-travel.fr\/wp-content\/uploads\/2019\/03\/20190227_170312-300x225.jpg\" alt=\"\" width=\"300\" height=\"225\" srcset=\"https:\/\/ks-travel.fr\/wp-content\/uploads\/2019\/03\/20190227_170312-300x225.jpg 300w, https:\/\/ks-travel.fr\/wp-content\/uploads\/2019\/03\/20190227_170312-768x576.jpg 768w, https:\/\/ks-travel.fr\/wp-content\/uploads\/2019\/03\/20190227_170312-1024x768.jpg 1024w\" sizes=\"auto, (max-width: 300px) 100vw, 300px\" \/><\/p>\n<p>La prise USB est dans l&rsquo;accoudoir.<\/p>\n<p><img loading=\"lazy\" decoding=\"async\" class=\"alignnone size-medium wp-image-6765\" src=\"https:\/\/ks-travel.fr\/wp-content\/uploads\/2019\/03\/20190227_170824-e1551471552843-225x300.jpg\" alt=\"\" width=\"225\" height=\"300\" srcset=\"https:\/\/ks-travel.fr\/wp-content\/uploads\/2019\/03\/20190227_170824-e1551471552843-225x300.jpg 225w, https:\/\/ks-travel.fr\/wp-content\/uploads\/2019\/03\/20190227_170824-e1551471552843-768x1024.jpg 768w\" sizes=\"auto, (max-width: 225px) 100vw, 225px\" \/><\/p>\n<p>Pour le vol de 2h, on a droit \u00e0 un jus d&rsquo;orange\/caf\u00e9\/th\u00e9 et des biscuits<\/p>\n<p>Le retour se fera sur un A321<\/p>\n<p><img loading=\"lazy\" decoding=\"async\" class=\"alignnone size-medium wp-image-6762\" src=\"https:\/\/ks-travel.fr\/wp-content\/uploads\/2019\/03\/20190227_165610-300x225.jpg\" alt=\"\" width=\"300\" height=\"225\" srcset=\"https:\/\/ks-travel.fr\/wp-content\/uploads\/2019\/03\/20190227_165610-300x225.jpg 300w, https:\/\/ks-travel.fr\/wp-content\/uploads\/2019\/03\/20190227_165610-768x576.jpg 768w, https:\/\/ks-travel.fr\/wp-content\/uploads\/2019\/03\/20190227_165610-1024x768.jpg 1024w\" sizes=\"auto, (max-width: 300px) 100vw, 300px\" \/> <img loading=\"lazy\" decoding=\"async\" class=\"alignnone size-medium wp-image-6766\" src=\"https:\/\/ks-travel.fr\/wp-content\/uploads\/2019\/03\/20190227_170911-e1551471569904-225x300.jpg\" alt=\"\" width=\"225\" height=\"300\" srcset=\"https:\/\/ks-travel.fr\/wp-content\/uploads\/2019\/03\/20190227_170911-e1551471569904-225x300.jpg 225w, https:\/\/ks-travel.fr\/wp-content\/uploads\/2019\/03\/20190227_170911-e1551471569904-768x1024.jpg 768w\" sizes=\"auto, (max-width: 225px) 100vw, 225px\" \/><\/p>\n<p>La touche Joon au sol&#8230;<\/p>\n<p><img loading=\"lazy\" decoding=\"async\" class=\"alignnone size-medium wp-image-6767\" src=\"https:\/\/ks-travel.fr\/wp-content\/uploads\/2019\/03\/20190227_171018-300x225.jpg\" alt=\"\" width=\"300\" height=\"225\" srcset=\"https:\/\/ks-travel.fr\/wp-content\/uploads\/2019\/03\/20190227_171018-300x225.jpg 300w, https:\/\/ks-travel.fr\/wp-content\/uploads\/2019\/03\/20190227_171018-768x576.jpg 768w, https:\/\/ks-travel.fr\/wp-content\/uploads\/2019\/03\/20190227_171018-1024x768.jpg 1024w\" sizes=\"auto, (max-width: 300px) 100vw, 300px\" \/><\/p>\n<p>&#8230;.et en vol.<\/p>\n<p><img loading=\"lazy\" decoding=\"async\" class=\"alignnone size-medium wp-image-6768\" src=\"https:\/\/ks-travel.fr\/wp-content\/uploads\/2019\/03\/20190227_185521-300x225.jpg\" alt=\"\" width=\"300\" height=\"225\" srcset=\"https:\/\/ks-travel.fr\/wp-content\/uploads\/2019\/03\/20190227_185521-300x225.jpg 300w, https:\/\/ks-travel.fr\/wp-content\/uploads\/2019\/03\/20190227_185521-768x576.jpg 768w, https:\/\/ks-travel.fr\/wp-content\/uploads\/2019\/03\/20190227_185521-1024x768.jpg 1024w\" sizes=\"auto, (max-width: 300px) 100vw, 300px\" \/><\/p>\n<hr \/>\n<p>EN R\u00c9SUM\u00c9 :\u00a0 Joon en moyen courrier n&rsquo;est ni bien ni moins bien que la concurrence.<\/p>\n<p>La diff\u00e9rence est beaucoup plus visible sur l&rsquo;A340.<\/p>\n","protected":false},"excerpt":{"rendered":"<p>Les jours de JOON sont compt\u00e9s. L&rsquo;occasion de d\u00e9couvrir les Airbus A320 et A321 qu&rsquo;utilise la compagnie hybride d&rsquo;Air France. Une note sp\u00e9ciale pour l&rsquo;application Air France. Qui n&rsquo;a jamais calcul\u00e9 l&rsquo;heure \u00e0 laquelle il faut se rendre \u00e0 l&rsquo;a\u00e9roport?. Ici c&rsquo;est assez simple. ON a l&rsquo;heure conseill\u00e9e d&rsquo;arriv\u00e9e et quand c&rsquo;est trop tard. Le <a class=\"more-link\" href=\"https:\/\/ks-travel.fr\/index.php\/2019\/03\/10\/joon-cdg-lis\/\">Lire plus &#8230;<\/a><\/p>\n","protected":false},"author":1,"featured_media":6763,"comment_status":"open","ping_status":"open","sticky":false,"template":"","format":"standard","meta":{"footnotes":""},"categories":[27],"tags":[],"class_list":["post-6773","post","type-post","status-publish","format-standard","has-post-thumbnail","hentry","category-flight-report"],"_links":{"self":[{"href":"https:\/\/ks-travel.fr\/index.php\/wp-json\/wp\/v2\/posts\/6773","targetHints":{"allow":["GET"]}}],"collection":[{"href":"https:\/\/ks-travel.fr\/index.php\/wp-json\/wp\/v2\/posts"}],"about":[{"href":"https:\/\/ks-travel.fr\/index.php\/wp-json\/wp\/v2\/types\/post"}],"author":[{"embeddable":true,"href":"https:\/\/ks-travel.fr\/index.php\/wp-json\/wp\/v2\/users\/1"}],"replies":[{"embeddable":true,"href":"https:\/\/ks-travel.fr\/index.php\/wp-json\/wp\/v2\/comments?post=6773"}],"version-history":[{"count":5,"href":"https:\/\/ks-travel.fr\/index.php\/wp-json\/wp\/v2\/posts\/6773\/revisions"}],"predecessor-version":[{"id":8589,"href":"https:\/\/ks-travel.fr\/index.php\/wp-json\/wp\/v2\/posts\/6773\/revisions\/8589"}],"wp:featuredmedia":[{"embeddable":true,"href":"https:\/\/ks-travel.fr\/index.php\/wp-json\/wp\/v2\/media\/6763"}],"wp:attachment":[{"href":"https:\/\/ks-travel.fr\/index.php\/wp-json\/wp\/v2\/media?parent=6773"}],"wp:term":[{"taxonomy":"category","embeddable":true,"href":"https:\/\/ks-travel.fr\/index.php\/wp-json\/wp\/v2\/categories?post=6773"},{"taxonomy":"post_tag","embeddable":true,"href":"https:\/\/ks-travel.fr\/index.php\/wp-json\/wp\/v2\/tags?post=6773"}],"curies":[{"name":"wp","href":"https:\/\/api.w.org\/{rel}","templated":true}]}}