{"id":6204,"date":"2018-09-29T16:27:15","date_gmt":"2018-09-29T15:27:15","guid":{"rendered":"http:\/\/ks-travel.fr\/?p=6204"},"modified":"2018-09-29T16:33:11","modified_gmt":"2018-09-29T15:33:11","slug":"air-france-nouvelles-cabines-a330","status":"publish","type":"post","link":"https:\/\/ks-travel.fr\/index.php\/2018\/09\/29\/air-france-nouvelles-cabines-a330\/","title":{"rendered":"Air France &#8211; Nouvelles cabines A330"},"content":{"rendered":"<p>On y est, Air France est en mouvement. Et plut\u00f4t un vrai mouvement vers l&rsquo;avant.<\/p>\n<p>La modernisation d\u00e9colle. Du moins pour les quinze A330 de la flotte.<\/p>\n<p>De nouveaux si\u00e8ges en Premium Economy et Economy.<\/p>\n<p>Commen\u00e7ons par les si\u00e8ges Economy. La cabine sera configur\u00e9e en 2-4-2.<\/p>\n<p>Les si\u00e8ges sont en tissu rappelant la touche Air France. La diff\u00e9rence vient de l&rsquo;appui t\u00eate r\u00e9glable et aux couleurs aussi attrayantes.<\/p>\n<p>Il y a des coussins bleus qui se marient avec l&rsquo;appui t\u00eate et la couverture rouge, rappel de la virgule Air France.<\/p>\n<p><img loading=\"lazy\" decoding=\"async\" class=\"alignnone size-medium wp-image-6186\" src=\"https:\/\/ks-travel.fr\/wp-content\/uploads\/2018\/09\/20180929_121024-300x225.jpg\" alt=\"\" width=\"300\" height=\"225\" srcset=\"https:\/\/ks-travel.fr\/wp-content\/uploads\/2018\/09\/20180929_121024-300x225.jpg 300w, https:\/\/ks-travel.fr\/wp-content\/uploads\/2018\/09\/20180929_121024-768x576.jpg 768w, https:\/\/ks-travel.fr\/wp-content\/uploads\/2018\/09\/20180929_121024-1024x768.jpg 1024w\" sizes=\"auto, (max-width: 300px) 100vw, 300px\" \/><\/p>\n<p>Concernant l&rsquo;assise, c&rsquo;est confortable, rien de r\u00e9volutionnaire. Inclinaison \u00e0 118\u00b0 et dit-on plus d&rsquo;espace pour les jambes. Mais on se sent un peu \u00e0 \u00ab\u00a0l&rsquo;\u00e9troit\u00a0\u00bb en largeur.<\/p>\n<p>Sinon, presque le standard aujourd&rsquo;hui, des \u00e9crans larges.<\/p>\n<p><img loading=\"lazy\" decoding=\"async\" class=\"alignnone size-medium wp-image-6190\" src=\"https:\/\/ks-travel.fr\/wp-content\/uploads\/2018\/09\/20180929_121541-300x225.jpg\" alt=\"\" width=\"300\" height=\"225\" srcset=\"https:\/\/ks-travel.fr\/wp-content\/uploads\/2018\/09\/20180929_121541-300x225.jpg 300w, https:\/\/ks-travel.fr\/wp-content\/uploads\/2018\/09\/20180929_121541-768x576.jpg 768w, https:\/\/ks-travel.fr\/wp-content\/uploads\/2018\/09\/20180929_121541-1024x768.jpg 1024w\" sizes=\"auto, (max-width: 300px) 100vw, 300px\" \/><\/p>\n<p>Tactile HD en 16\/9 11,7 pouces. La tablette est plus grande.<\/p>\n<p><img loading=\"lazy\" decoding=\"async\" class=\"alignnone size-medium wp-image-6187\" src=\"https:\/\/ks-travel.fr\/wp-content\/uploads\/2018\/09\/20180929_121117-300x225.jpg\" alt=\"\" width=\"300\" height=\"225\" srcset=\"https:\/\/ks-travel.fr\/wp-content\/uploads\/2018\/09\/20180929_121117-300x225.jpg 300w, https:\/\/ks-travel.fr\/wp-content\/uploads\/2018\/09\/20180929_121117-768x576.jpg 768w, https:\/\/ks-travel.fr\/wp-content\/uploads\/2018\/09\/20180929_121117-1024x768.jpg 1024w\" sizes=\"auto, (max-width: 300px) 100vw, 300px\" \/><\/p>\n<p>Enfin, la prise \u00e9lectrique sur le si\u00e8ge devant et la prise USB sous l&rsquo;\u00e9cran compl\u00e8tent l&rsquo;\u00e9quipement.<\/p>\n<p><img loading=\"lazy\" decoding=\"async\" class=\"alignnone size-medium wp-image-6191\" src=\"https:\/\/ks-travel.fr\/wp-content\/uploads\/2018\/09\/20180929_121552-300x225.jpg\" alt=\"\" width=\"300\" height=\"225\" srcset=\"https:\/\/ks-travel.fr\/wp-content\/uploads\/2018\/09\/20180929_121552-300x225.jpg 300w, https:\/\/ks-travel.fr\/wp-content\/uploads\/2018\/09\/20180929_121552-768x576.jpg 768w, https:\/\/ks-travel.fr\/wp-content\/uploads\/2018\/09\/20180929_121552-1024x768.jpg 1024w\" sizes=\"auto, (max-width: 300px) 100vw, 300px\" \/><\/p>\n<p>Passons maintenant \u00e0 la Premium Economy.<\/p>\n<p><img loading=\"lazy\" decoding=\"async\" class=\"alignnone size-medium wp-image-6199\" src=\"https:\/\/ks-travel.fr\/wp-content\/uploads\/2018\/09\/20180929_120519-300x225.jpg\" alt=\"\" width=\"300\" height=\"225\" srcset=\"https:\/\/ks-travel.fr\/wp-content\/uploads\/2018\/09\/20180929_120519-300x225.jpg 300w, https:\/\/ks-travel.fr\/wp-content\/uploads\/2018\/09\/20180929_120519-768x576.jpg 768w, https:\/\/ks-travel.fr\/wp-content\/uploads\/2018\/09\/20180929_120519-1024x768.jpg 1024w\" sizes=\"auto, (max-width: 300px) 100vw, 300px\" \/><\/p>\n<p>Encore une surprise : l&rsquo;effet tissu bleu du si\u00e8ge est plut\u00f4t joli. Oreiller rouge pour trancher avec le bleu.<\/p>\n<p>Inclinaison \u00e0 130\u00b0 et un assise plus large.<\/p>\n<p><img loading=\"lazy\" decoding=\"async\" class=\"alignnone size-medium wp-image-6200\" src=\"https:\/\/ks-travel.fr\/wp-content\/uploads\/2018\/09\/20180929_120522-300x225.jpg\" alt=\"\" width=\"300\" height=\"225\" srcset=\"https:\/\/ks-travel.fr\/wp-content\/uploads\/2018\/09\/20180929_120522-300x225.jpg 300w, https:\/\/ks-travel.fr\/wp-content\/uploads\/2018\/09\/20180929_120522-768x576.jpg 768w, https:\/\/ks-travel.fr\/wp-content\/uploads\/2018\/09\/20180929_120522-1024x768.jpg 1024w\" sizes=\"auto, (max-width: 300px) 100vw, 300px\" \/><\/p>\n<p>Sur les si\u00e8ges, prise \u00e9lectrique et USB. Ecran tactile HD de 13,3 pouces.<\/p>\n<p><img loading=\"lazy\" decoding=\"async\" class=\"alignnone size-medium wp-image-6201\" src=\"https:\/\/ks-travel.fr\/wp-content\/uploads\/2018\/09\/20180929_120735-300x225.jpg\" alt=\"\" width=\"300\" height=\"225\" srcset=\"https:\/\/ks-travel.fr\/wp-content\/uploads\/2018\/09\/20180929_120735-300x225.jpg 300w, https:\/\/ks-travel.fr\/wp-content\/uploads\/2018\/09\/20180929_120735-768x576.jpg 768w, https:\/\/ks-travel.fr\/wp-content\/uploads\/2018\/09\/20180929_120735-1024x768.jpg 1024w\" sizes=\"auto, (max-width: 300px) 100vw, 300px\" \/><\/p>\n<p>Possibilit\u00e9 de certaines commandes avec une t\u00e9l\u00e9commande.<\/p>\n<p><img loading=\"lazy\" decoding=\"async\" class=\"alignnone size-medium wp-image-6185\" src=\"https:\/\/ks-travel.fr\/wp-content\/uploads\/2018\/09\/20180929_120751-300x225.jpg\" alt=\"\" width=\"300\" height=\"225\" srcset=\"https:\/\/ks-travel.fr\/wp-content\/uploads\/2018\/09\/20180929_120751-300x225.jpg 300w, https:\/\/ks-travel.fr\/wp-content\/uploads\/2018\/09\/20180929_120751-768x576.jpg 768w, https:\/\/ks-travel.fr\/wp-content\/uploads\/2018\/09\/20180929_120751-1024x768.jpg 1024w\" sizes=\"auto, (max-width: 300px) 100vw, 300px\" \/><\/p>\n<p>Rien de nouveau concernant le casque.<\/p>\n<p>Mais la vraie surprise vient des petits \u00e0-c\u00f4t\u00e9. D&rsquo;abord les masques de sommeil. Ils sont jolis et color\u00e9s reprenant les destinations des A330.<\/p>\n<p><img loading=\"lazy\" decoding=\"async\" class=\"alignnone size-medium wp-image-6188\" src=\"https:\/\/ks-travel.fr\/wp-content\/uploads\/2018\/09\/20180929_121156-300x225.jpg\" alt=\"\" width=\"300\" height=\"225\" srcset=\"https:\/\/ks-travel.fr\/wp-content\/uploads\/2018\/09\/20180929_121156-300x225.jpg 300w, https:\/\/ks-travel.fr\/wp-content\/uploads\/2018\/09\/20180929_121156-768x576.jpg 768w, https:\/\/ks-travel.fr\/wp-content\/uploads\/2018\/09\/20180929_121156-1024x768.jpg 1024w\" sizes=\"auto, (max-width: 300px) 100vw, 300px\" \/><\/p>\n<p>Des produits additionnels de la boutique sont \u00e0 d\u00e9couvrir. Plut\u00f4t chics et jolis.<\/p>\n<p><img loading=\"lazy\" decoding=\"async\" class=\"alignnone size-medium wp-image-6192\" src=\"https:\/\/ks-travel.fr\/wp-content\/uploads\/2018\/09\/20180929_121615-300x225.jpg\" alt=\"\" width=\"300\" height=\"225\" srcset=\"https:\/\/ks-travel.fr\/wp-content\/uploads\/2018\/09\/20180929_121615-300x225.jpg 300w, https:\/\/ks-travel.fr\/wp-content\/uploads\/2018\/09\/20180929_121615-768x576.jpg 768w, https:\/\/ks-travel.fr\/wp-content\/uploads\/2018\/09\/20180929_121615-1024x768.jpg 1024w\" sizes=\"auto, (max-width: 300px) 100vw, 300px\" \/><\/p>\n<p>Une visite en vid\u00e9o ci-apr\u00e8s<\/p>\n<div style=\"width: 780px;\" class=\"wp-video\"><video class=\"wp-video-shortcode\" id=\"video-6204-1\" width=\"780\" height=\"438\" preload=\"metadata\" controls=\"controls\"><source type=\"video\/mp4\" src=\"https:\/\/ks-travel.fr\/wp-content\/uploads\/2018\/09\/Air-France.mp4?_=1\" \/><a href=\"https:\/\/ks-travel.fr\/wp-content\/uploads\/2018\/09\/Air-France.mp4\">https:\/\/ks-travel.fr\/wp-content\/uploads\/2018\/09\/Air-France.mp4<\/a><\/video><\/div>\n<p>Vous pouvez d\u00e9couvrir ces nouveaux si\u00e8ges au BHV Marais rue Rivoli \u00e0 Paris. Il y a un jeu concours avec des vols aller-retour \u00e0 gagner.<\/p>\n<p><img loading=\"lazy\" decoding=\"async\" class=\"alignnone size-medium wp-image-6197\" src=\"https:\/\/ks-travel.fr\/wp-content\/uploads\/2018\/09\/20180929_120316-e1538220863102-225x300.jpg\" alt=\"\" width=\"225\" height=\"300\" srcset=\"https:\/\/ks-travel.fr\/wp-content\/uploads\/2018\/09\/20180929_120316-e1538220863102-225x300.jpg 225w, https:\/\/ks-travel.fr\/wp-content\/uploads\/2018\/09\/20180929_120316-e1538220863102-768x1024.jpg 768w\" sizes=\"auto, (max-width: 225px) 100vw, 225px\" \/> <img loading=\"lazy\" decoding=\"async\" class=\"alignnone size-medium wp-image-6198\" src=\"https:\/\/ks-travel.fr\/wp-content\/uploads\/2018\/09\/20180929_120322-e1538220884685-225x300.jpg\" alt=\"\" width=\"225\" height=\"300\" srcset=\"https:\/\/ks-travel.fr\/wp-content\/uploads\/2018\/09\/20180929_120322-e1538220884685-225x300.jpg 225w, https:\/\/ks-travel.fr\/wp-content\/uploads\/2018\/09\/20180929_120322-e1538220884685-768x1024.jpg 768w\" sizes=\"auto, (max-width: 225px) 100vw, 225px\" \/><\/p>\n<p>On vous offre \u00e9galement un petit cadeau : sac Air France et un porte cl\u00e9<\/p>\n<p><img loading=\"lazy\" decoding=\"async\" class=\"alignnone size-medium wp-image-6195\" src=\"https:\/\/ks-travel.fr\/wp-content\/uploads\/2018\/09\/20180929_130410-e1538220921915-225x300.jpg\" alt=\"\" width=\"225\" height=\"300\" srcset=\"https:\/\/ks-travel.fr\/wp-content\/uploads\/2018\/09\/20180929_130410-e1538220921915-225x300.jpg 225w, https:\/\/ks-travel.fr\/wp-content\/uploads\/2018\/09\/20180929_130410-e1538220921915-768x1024.jpg 768w\" sizes=\"auto, (max-width: 225px) 100vw, 225px\" \/><\/p>\n<hr \/>\n<p>EN R\u00c9SUM\u00c9 : Air France a du retard mais \u00e9volue. Cela va dans le bon sens. Les couleurs de ces nouvelles cabines sont plut\u00f4t jolies. Assez qualitatif.\u00a0 Les produits annexes \u00e9galement.<\/p>\n<p>En revanche le syst\u00e8me de coque pour la Premium Economy est une erreur \u00e0 mon avis.\u00a0 Pas pratique et pour celui qui se retrouve au milieu du 2-3-2 en encore moins.<\/p>\n<p>Air France nous pr\u00e9sente les cabines Premium Economy et Economy, quid de la cabine Business? On esp\u00e8re que cela ne sera pas les NEV toboggan.<\/p>\n<p>De plus encore une erreur strat\u00e9gique, l&rsquo;harmonisation. M\u00eame si le r\u00e9trofit de la flotte est en cours, on ne peut pas avoir des si\u00e8ges diff\u00e9rents en fonction du type d&rsquo;avion.<\/p>\n","protected":false},"excerpt":{"rendered":"<p>On y est, Air France est en mouvement. Et plut\u00f4t un vrai mouvement vers l&rsquo;avant. La modernisation d\u00e9colle. Du moins pour les quinze A330 de la flotte. De nouveaux si\u00e8ges en Premium Economy et Economy. Commen\u00e7ons par les si\u00e8ges Economy. La cabine sera configur\u00e9e en 2-4-2. Les si\u00e8ges sont en tissu rappelant la touche Air <a class=\"more-link\" href=\"https:\/\/ks-travel.fr\/index.php\/2018\/09\/29\/air-france-nouvelles-cabines-a330\/\">Lire plus &#8230;<\/a><\/p>\n","protected":false},"author":1,"featured_media":6199,"comment_status":"open","ping_status":"open","sticky":false,"template":"","format":"standard","meta":{"footnotes":""},"categories":[15],"tags":[],"class_list":["post-6204","post","type-post","status-publish","format-standard","has-post-thumbnail","hentry","category-dossiers"],"_links":{"self":[{"href":"https:\/\/ks-travel.fr\/index.php\/wp-json\/wp\/v2\/posts\/6204","targetHints":{"allow":["GET"]}}],"collection":[{"href":"https:\/\/ks-travel.fr\/index.php\/wp-json\/wp\/v2\/posts"}],"about":[{"href":"https:\/\/ks-travel.fr\/index.php\/wp-json\/wp\/v2\/types\/post"}],"author":[{"embeddable":true,"href":"https:\/\/ks-travel.fr\/index.php\/wp-json\/wp\/v2\/users\/1"}],"replies":[{"embeddable":true,"href":"https:\/\/ks-travel.fr\/index.php\/wp-json\/wp\/v2\/comments?post=6204"}],"version-history":[{"count":4,"href":"https:\/\/ks-travel.fr\/index.php\/wp-json\/wp\/v2\/posts\/6204\/revisions"}],"predecessor-version":[{"id":6209,"href":"https:\/\/ks-travel.fr\/index.php\/wp-json\/wp\/v2\/posts\/6204\/revisions\/6209"}],"wp:featuredmedia":[{"embeddable":true,"href":"https:\/\/ks-travel.fr\/index.php\/wp-json\/wp\/v2\/media\/6199"}],"wp:attachment":[{"href":"https:\/\/ks-travel.fr\/index.php\/wp-json\/wp\/v2\/media?parent=6204"}],"wp:term":[{"taxonomy":"category","embeddable":true,"href":"https:\/\/ks-travel.fr\/index.php\/wp-json\/wp\/v2\/categories?post=6204"},{"taxonomy":"post_tag","embeddable":true,"href":"https:\/\/ks-travel.fr\/index.php\/wp-json\/wp\/v2\/tags?post=6204"}],"curies":[{"name":"wp","href":"https:\/\/api.w.org\/{rel}","templated":true}]}}